{"id":103,"date":"2014-08-27T21:38:20","date_gmt":"2014-08-27T21:38:20","guid":{"rendered":"http:\/\/altaberbezahlt.org\/wordpress?p=103"},"modified":"2014-12-01T23:09:28","modified_gmt":"2014-12-01T23:09:28","slug":"nachlese-vom-24-08-2014","status":"publish","type":"post","link":"https:\/\/altaberbezahlt.org\/wordpress\/nachlese-vom-24-08-2014\/","title":{"rendered":"Nachlese zum 24.08.2014"},"content":{"rendered":"<p>Allen Unkenrufen zum Trotze wurde die Stra\u00dfe zwischen Rittersbach und Heidersbach, die am AAB-Gel\u00e4nde vorbeif\u00fchrt, innerhalb der 4 Wochen Vollsperrung fertig gestellt und samstags f\u00fcr den Verkehr freigegeben.<\/p>\n<p>So trafen sich die Freunde der Motorkultur im Neckar-Odenwald-Kreis am Sonntag zum August-AAB am gewohnten Ort.<\/p>\n<p>Trotz Ferien\/Urlaubszeit fanden 13 Fahrzeuge den Weg nach Elztal-Rittersbach obwohl das Wetter mit Sonne, Regen und Windb\u00f6en sehr wechselhaft war.<\/p>\n<p><span class=\"yui3-widget yui3-inputwidget yui3-htmleditorwidget\"><span class=\"yui3-htmleditorwidget-content\"><img decoding=\"async\" src=\"http:\/\/blog.makrochip.de\/2014-08-27\/01.JPG\" alt=\"\" data-cke-saved-src=\"http:\/\/blog.makrochip.de\/2014-08-27\/01.JPG\" \/><\/span><\/span><\/p>\n<p id=\"yui_3_5_0_1_1410454544588_20167\">Neben den &#8222;\u00fcblichen Verd\u00e4chtigen&#8220; gab es auch ein paar &#8222;Neuzug\u00e4nge&#8220; wie diesen Golf II GTI Edition One<\/p>\n<p><span class=\"yui3-widget yui3-inputwidget yui3-htmleditorwidget\"><span class=\"yui3-htmleditorwidget-content\"><img decoding=\"async\" src=\"http:\/\/blog.makrochip.de\/2014-08-27\/02.JPG\" alt=\"\" data-cke-saved-src=\"http:\/\/blog.makrochip.de\/2014-08-27\/02.JPG\" \/><\/span><\/span><\/p>\n<p>Auch ein Golf I Cabrio, ebenfalls mit BBS-Felgen best\u00fcckt, fand sich ein.<\/p>\n<p><span class=\"yui3-widget yui3-inputwidget yui3-htmleditorwidget\"><span class=\"yui3-htmleditorwidget-content\"><img decoding=\"async\" src=\"http:\/\/blog.makrochip.de\/2014-08-27\/03.JPG\" alt=\"\" data-cke-saved-src=\"http:\/\/blog.makrochip.de\/2014-08-27\/03.JPG\" \/><\/span><\/span><br \/>\nDamit klar ist das wir keineswegs ein Treffen nur f\u00fcr VW-Fahrer sind:<\/p>\n<p>Mercedes-Benz Vito&#8230;. gerade 15 Jahre alt und sch\u00f6n rebellisch in mattschwarz gerollt&#8230;<\/p>\n<p><span class=\"yui3-widget yui3-inputwidget yui3-htmleditorwidget\"><span class=\"yui3-htmleditorwidget-content\"><img decoding=\"async\" src=\"http:\/\/blog.makrochip.de\/2014-08-27\/04.JPG\" alt=\"\" data-cke-saved-src=\"http:\/\/blog.makrochip.de\/2014-08-27\/04.JPG\" \/><\/span><\/span><br \/>\nImmer wieder gern gesehen: alte VW Scirocco. Hier ein GT II in dunkelgrau-metallic. Dem Besitzer geh\u00f6rt auch der <a href=\"http:\/\/blog.makrochip.de\/2014-05-25\/05.JPG\" data-cke-saved-href=\"http:\/\/blog.makrochip.de\/2014-05-25\/05.JPG\" data-cke-pa-onclick=\"window.open(this.href, '', 'resizable=yes,status=no,location=no,toolbar=no,menubar=no,fullscreen=no,scrollbars=yes,dependent=no'); return false;\">&#8222;Zeitzeuge&#8220;<\/a> mit dem er bereits am <a href=\"http:\/\/makrochip.over-blog.de\/article-nachlese-alt-aber-bezahlt-treff-am-25-05-2014-123728462.html\" target=\"_blank\" data-cke-saved-href=\"http:\/\/makrochip.over-blog.de\/article-nachlese-alt-aber-bezahlt-treff-am-25-05-2014-123728462.html\">April-AAB<\/a> da war.<\/p>\n<p><span class=\"yui3-widget yui3-inputwidget yui3-htmleditorwidget\"><span class=\"yui3-htmleditorwidget-content\"><img decoding=\"async\" src=\"http:\/\/blog.makrochip.de\/2014-08-27\/05.JPG\" alt=\"\" data-cke-saved-src=\"http:\/\/blog.makrochip.de\/2014-08-27\/05.JPG\" \/><\/span><\/span><\/p>\n<p><span class=\"yui3-widget yui3-inputwidget yui3-htmleditorwidget\"><span class=\"yui3-htmleditorwidget-content\"><img decoding=\"async\" src=\"http:\/\/blog.makrochip.de\/2014-08-27\/06.JPG\" alt=\"\" data-cke-saved-src=\"http:\/\/blog.makrochip.de\/2014-08-27\/06.JPG\" \/><\/span><\/span><br \/>\nDer n\u00e4chste AAB findet am 28.09.2014 um 16.00 Uhr statt<\/p>\n<p>Wir sehen uns<\/p>\n<p>Euer Makrochip<\/p>\n<p>&nbsp;<\/p>\n","protected":false},"excerpt":{"rendered":"<p>Allen Unkenrufen zum Trotze wurde die Stra\u00dfe zwischen Rittersbach und Heidersbach, die am AAB-Gel\u00e4nde vorbeif\u00fchrt, innerhalb der 4 Wochen Vollsperrung fertig gestellt und samstags f\u00fcr den Verkehr freigegeben. So trafen sich die Freunde der Motorkultur im Neckar-Odenwald-Kreis am Sonntag zum August-AAB am gewohnten Ort. Trotz Ferien\/Urlaubszeit fanden 13 Fahrzeuge den Weg nach Elztal-Rittersbach obwohl das &#8230;<\/p>\n<a href=\"https:\/\/altaberbezahlt.org\/wordpress\/nachlese-vom-24-08-2014\/\" class=\"read-more-link\">Weiterlesen <span class=\"meta-nav\">&rarr;<\/span><\/a>","protected":false},"author":1,"featured_media":152,"comment_status":"open","ping_status":"closed","sticky":false,"template":"","format":"standard","meta":{"footnotes":""},"categories":[4],"tags":[46,85,84,53,86],"class_list":["post-103","post","type-post","status-publish","format-standard","has-post-thumbnail","hentry","category-alt-aber-bezahlt","tag-46","tag-mercedes-benz-vito","tag-vw-golf-i","tag-vw-golf-ii","tag-vw-scirocco-ii","penguin-post","penguin-post-not-sticky"],"_links":{"self":[{"href":"https:\/\/altaberbezahlt.org\/wordpress\/wp-json\/wp\/v2\/posts\/103","targetHints":{"allow":["GET"]}}],"collection":[{"href":"https:\/\/altaberbezahlt.org\/wordpress\/wp-json\/wp\/v2\/posts"}],"about":[{"href":"https:\/\/altaberbezahlt.org\/wordpress\/wp-json\/wp\/v2\/types\/post"}],"author":[{"embeddable":true,"href":"https:\/\/altaberbezahlt.org\/wordpress\/wp-json\/wp\/v2\/users\/1"}],"replies":[{"embeddable":true,"href":"https:\/\/altaberbezahlt.org\/wordpress\/wp-json\/wp\/v2\/comments?post=103"}],"version-history":[{"count":3,"href":"https:\/\/altaberbezahlt.org\/wordpress\/wp-json\/wp\/v2\/posts\/103\/revisions"}],"predecessor-version":[{"id":176,"href":"https:\/\/altaberbezahlt.org\/wordpress\/wp-json\/wp\/v2\/posts\/103\/revisions\/176"}],"wp:featuredmedia":[{"embeddable":true,"href":"https:\/\/altaberbezahlt.org\/wordpress\/wp-json\/wp\/v2\/media\/152"}],"wp:attachment":[{"href":"https:\/\/altaberbezahlt.org\/wordpress\/wp-json\/wp\/v2\/media?parent=103"}],"wp:term":[{"taxonomy":"category","embeddable":true,"href":"https:\/\/altaberbezahlt.org\/wordpress\/wp-json\/wp\/v2\/categories?post=103"},{"taxonomy":"post_tag","embeddable":true,"href":"https:\/\/altaberbezahlt.org\/wordpress\/wp-json\/wp\/v2\/tags?post=103"}],"curies":[{"name":"wp","href":"https:\/\/api.w.org\/{rel}","templated":true}]}}